{"id":1060394,"date":"2021-11-29T16:00:58","date_gmt":"2021-11-29T15:00:58","guid":{"rendered":"https:\/\/we-search.be\/?p=1060394"},"modified":"2021-11-29T16:01:01","modified_gmt":"2021-11-29T15:01:01","slug":"seance-inaugurale-de-we-search-2021-2022","status":"publish","type":"post","link":"https:\/\/we-search.be\/index.php\/2021\/11\/29\/seance-inaugurale-de-we-search-2021-2022\/","title":{"rendered":"S\u00e9ance inaugurale de We-Search 2021-2022: La bookf\u00e9rence au service de la m\u00e9diation scientifique"},"content":{"rendered":"\n<p><em>Par Guillaume Grignard, docteur en Sciences politiques<\/em> <em>et Vice-Pr\u00e9sident de We-Search<\/em><\/p>\n\n\n\n<p class=\"has-drop-cap\">Pour sa rentr\u00e9e, We-Search a organis\u00e9 un premier \u00e9v\u00e9nement au format original\u00a0: la bookf\u00e9rence. Une bookf\u00e9rence, c\u2019est une conf\u00e9rence autour d\u2019un livre commun que les participants vont discuter autour d\u2019une table conviviale, bien garnie.<\/p>\n\n\n\n<p>Ce premier \u00e9v\u00e9nement a permis une belle rencontre pour la nouvelle \u00e9quipe qui s\u2019est form\u00e9e ainsi que pour les m\u00e9c\u00e8nes qui continuent \u00e0 admirablement soutenir le projet We-Search.<\/p>\n\n\n\n<p>We-Search appuie son travail autour de la <strong>m\u00e9diation scientifique<\/strong>, un concept qui entend aller beaucoup plus loin que la vulgarisation des sciences car il a pour objectif de cr\u00e9er du lien entre les citoyens et le champ scientifique au sens large. Pouvoir partager un m\u00eame livre et \u00e9changer \u00e0 son sujet est <strong>une mani\u00e8re horizontale de s\u2019approprier et de discuter des connaissances<\/strong> que nous avons sur le monde.<\/p>\n\n\n\n<h2 class=\"wp-block-heading\"><strong>Xavier Gorce&nbsp;: Raison, d\u00e9rision et discussions&nbsp;!<\/strong><\/h2>\n\n\n\n<p>Le premier ouvrage choisi est un opus vif et incisif publi\u00e9 dans les collections Tracts de Gallimard<a href=\"#_edn1\">[i]<\/a>. Il est sign\u00e9 Xavier Gorce, <strong>un dessinateur de presse fran\u00e7ais qui a d\u00e9missionn\u00e9 du journal le Monde apr\u00e8s que celui-ci se soit excus\u00e9 d\u2019avoir publi\u00e9 un dessin<\/strong> qui <a href=\"https:\/\/www.lemonde.fr\/le-monde-et-vous\/article\/2021\/01\/23\/nos-explications-sur-le-depart-de-xavier-gorce-du-monde_6067358_6065879.html\" target=\"_blank\" rel=\"noreferrer noopener\">a offens\u00e9 certains lecteurs<\/a>. Dans ce livre, le caricaturiste justifie son point de vue et s\u2019en prend \u00e0 la soci\u00e9t\u00e9 actuelle qui succomberait \u00e0 la pression de certains groupes pour censurer toute libert\u00e9 d\u2019expression.<\/p>\n\n\n\n<p>Le sujet est brulant d\u2019actualit\u00e9 en France dont le<strong> rapport historique particulier \u00e0 l\u2019humour et au dessin de presse<\/strong> n\u2019est plus \u00e0 d\u00e9montrer.\u00a0\u00a0 \u00a0<\/p>\n\n\n\n<p>Le livre a suscit\u00e9 un certain <strong>scepticisme<\/strong> parmi l\u2019assembl\u00e9e. Pour Oscar\u00a0: \u00ab\u00a0C\u2019est un livre tr\u00e8s peu nuanc\u00e9 et sans aucun recul sur une \u00e9ventuelle pens\u00e9e inverse\u00a0\u00bb. C\u2019est la particularit\u00e9 du format d\u2019\u00e9dition <em>Tracts<\/em> bien-s\u00fbr, mais il est exact que l\u2019ouvrage a une mani\u00e8re plut\u00f4t irritante de pr\u00e9senter les choses surtout lorsque l\u2019auteur fait r\u00e9f\u00e9rence \u00e0 <strong>l\u2019\u00e9ducation qu\u2019il faut avoir pour comprendre ses dessins<\/strong>, \u00e9ducation que seul lui et ses soutiens seraient pourvus. Pour Daryl, sa r\u00e9action est \u00ab\u00a0digne d\u2019un enfant frustr\u00e9 et capricieux, mais monsieur Gorce le justifie en proclamant haut et fort que c\u2019est un artiste incompris et que nous sommes tous illettr\u00e9s de ne pas avoir compris son g\u00e9nie\u00a0\u00bb. Cette condescendance a \u00e9galement d\u00e9rang\u00e9 Juliette qui s\u2019appuie sur un principe fondateur de notre vie sociale en groupe, rire <em>avec <\/em>l\u2019autre, mais pas <em>contre<\/em> lui\u00a0:<\/p>\n\n\n\n<blockquote class=\"wp-block-quote is-layout-flow wp-block-quote-is-layout-flow\"><p><em>Personnellement, certaines de ses remarques m\u2019ont quelque peu d\u00e9rang\u00e9. Pour cause,\u00a0 la fa\u00e7on dont elles ont \u00e9t\u00e9 formul\u00e9es. Xavier Gorce a l\u2019air de prendre pour des idiots les gens ne comprenant pas ses id\u00e9es ou ceux ne sachant pas rire de tout. Mais pour moi, on ne peut pas rire de tout, certains sujets sont \u00e0 \u00e9viter si l\u2019on sait pertinemment que cela va offenser d\u2019autres personnes. Le respect des autres, de leurs croyances, de leurs fa\u00e7on d\u2019\u00eatre est essentiel. \u00a0<\/em><\/p><cite>Juliette<\/cite><\/blockquote>\n\n\n\n<p><strong>Peut-on rire de tout\u00a0?<\/strong> Une question embl\u00e9matique des d\u00e9bats sur l\u2019humour, mais qui doit se poser diff\u00e9remment dans un contexte d\u2019humour (un spectacle, un dessin de presse) que dans la vie quotidienne. On aurait justement aim\u00e9 lire dans ce livre <strong>des arguments plus approfondis sur cette d\u00e9licate question<\/strong>\u00a0: d\u2019un c\u00f4t\u00e9, lorsque que l\u2019humour se frotte au pouvoir, s\u2019affranchir des limites est l\u2019essence m\u00eame de l\u2019activit\u00e9, mais lorsque le rire stigmatise les m\u00eames cibles, qui sont \u00e9cart\u00e9es ou marginalis\u00e9es dans la soci\u00e9t\u00e9, ne renforce-t-il pas plut\u00f4t l\u2019ordre dominant\u00a0? Il existerait d\u00e8s lors une diff\u00e9rence selon la cible envers laquelle une moquerie est port\u00e9e. Cette <strong>perspective normative donne \u00e0 l\u2019humour une fonction de redresseur de torts<\/strong> que beaucoup d\u2019humoristes ne veulent pas assumer. Dans le paysage m\u00e9diatique fran\u00e7ais, cette diff\u00e9rence s\u2019observe entre les radios publiques et priv\u00e9s, par exemple entre France Inter et RTL.<\/p>\n\n\n\n<h2 class=\"wp-block-heading\"><strong>Un exemple d\u2019humour politique engag\u00e9, au service des plus faibles<\/strong><\/h2>\n\n\n\n<figure class=\"wp-block-embed is-type-video is-provider-youtube wp-block-embed-youtube wp-embed-aspect-16-9 wp-has-aspect-ratio\"><div class=\"wp-block-embed__wrapper\">\n<span class=\"embed-youtube\" style=\"text-align:center; display: block;\"><iframe loading=\"lazy\" class=\"youtube-player\" width=\"730\" height=\"411\" src=\"https:\/\/www.youtube.com\/embed\/rUUCppcp_nQ?version=3&#038;rel=1&#038;showsearch=0&#038;showinfo=1&#038;iv_load_policy=1&#038;fs=1&#038;hl=fr-FR&#038;autohide=2&#038;wmode=transparent\" allowfullscreen=\"true\" style=\"border:0;\" sandbox=\"allow-scripts allow-same-origin allow-popups allow-presentation allow-popups-to-escape-sandbox\"><\/iframe><\/span>\n<\/div><\/figure>\n\n\n\n<p>Finalement c\u2019est <strong>presque la forme, la mani\u00e8re de faire qui a suscit\u00e9 le plus de r\u00e9serves<\/strong> dans l\u2019assembl\u00e9e. En effet, il ne peut pas \u00eatre occult\u00e9 le fait que le journal <em>Le Monde<\/em> avait bien publi\u00e9 ce dessin et que c\u2019est ensuite qu\u2019il a fait machine arri\u00e8re. C\u2019est l\u2019avis de Diane\u00a0: \u00ab\u00a0Je ne suis pas radicalement contre les excuses du quotidien, mais je rejoins l\u2019auteur sur le fait qu\u2019une certaine collaboration est exig\u00e9e pour d\u00e9boucher sur une publication or, Xavier Gorce est consid\u00e9r\u00e9\u0301 comme le seul fautif et est pr\u00e9sent\u00e9\u0301 comme \u00e9tant ind\u00e9pendant du journal\u00a0\u00bb.<\/p>\n\n\n\n<p>Pour conclure, il est quelque peu paradoxal qu\u2019aujourd\u2019hui il semble difficile de pouvoir <strong>d\u00e9battre de libert\u00e9 d\u2019expression<\/strong> avec un autre prisme que celui des <strong>humoristes qui revendiquent un usage absolu de leur libert\u00e9<\/strong>. Dans beaucoup de pol\u00e9miques similaires, les humoristes usent d\u2019une m\u00eame argumentation, <strong>m\u00e9prisant les r\u00e9actions hostiles des lecteurs,<\/strong> r\u00e9actions qui s\u2019expliqueraient seulement par un manque de culture du lectorat. Dit autrement\u00a0: soit j\u2019ai raison, soit vous avez tort. Intellectuellement, cela me semble \u00eatre un recul de qualit\u00e9 du d\u00e9bat o\u00f9 censure et critiques sont trop souvent confondues, comme je l\u2019ai discut\u00e9 dans un <a href=\"https:\/\/theconversation.com\/debat-lhumour-de-droit-divin-ou-quand-la-satire-revendique-sa-toute-puissance-153906\" target=\"_blank\" rel=\"noreferrer noopener\">r\u00e9cent article<\/a> publi\u00e9 dans The Conversation.<\/p>\n\n\n\n<p>Guillaume Grignard&nbsp;&nbsp;<\/p>\n\n\n\n<hr class=\"wp-block-separator\" \/>\n\n\n\n<p><a href=\"#_ednref1\">[i]<\/a> Xavier GORCE, <em>Raison et d\u00e9rision, <\/em>Paris, Tracts Gallimard, 2021<\/p>\n<span class=\"et_bloom_bottom_trigger\"><\/span>","protected":false},"excerpt":{"rendered":"<p>Par Guillaume Grignard, docteur en Sciences politiques et Vice-Pr\u00e9sident de We-Search Pour sa rentr\u00e9e, We-Search a organis\u00e9 un premier \u00e9v\u00e9nement au format original\u00a0: la bookf\u00e9rence. Une bookf\u00e9rence, c\u2019est une conf\u00e9rence<a class=\"moretag\" href=\"https:\/\/we-search.be\/index.php\/2021\/11\/29\/seance-inaugurale-de-we-search-2021-2022\/\"><span class=\"screen-reader-text\">En savoir plus surS\u00e9ance inaugurale de We-Search 2021-2022: La bookf\u00e9rence au service de la m\u00e9diation scientifique<\/span>[&#8230;]<\/a><\/p>\n","protected":false},"author":4,"featured_media":1060417,"comment_status":"open","ping_status":"open","sticky":true,"template":"","format":"standard","meta":{"jetpack_post_was_ever_published":false,"_jetpack_newsletter_access":"","_jetpack_dont_email_post_to_subs":false,"_jetpack_newsletter_tier_id":0,"_jetpack_memberships_contains_paywalled_content":false,"_jetpack_memberships_contains_paid_content":false,"footnotes":"","jetpack_publicize_message":"","jetpack_publicize_feature_enabled":true,"jetpack_social_post_already_shared":true,"jetpack_social_options":{"image_generator_settings":{"template":"highway","default_image_id":0,"font":"","enabled":false},"version":2}},"categories":[4],"tags":[105,110,108,98,115,111,112,114,106,107],"class_list":["post-1060394","post","type-post","status-publish","format-standard","has-post-thumbnail","hentry","category-we-discuss","tag-bookference","tag-dessin-satirique","tag-gorce","tag-humour","tag-humour-engage","tag-mediation-scientifique","tag-raison-et-derision","tag-satire","tag-we-search","tag-xavier-gorce"],"jetpack_publicize_connections":[],"jetpack_featured_media_url":"https:\/\/i0.wp.com\/we-search.be\/wp-content\/uploads\/2021\/11\/books-gedf80e5ec_1920.jpg?fit=1920%2C1280&ssl=1","jetpack_sharing_enabled":true,"jetpack_shortlink":"https:\/\/wp.me\/p9cJNf-4rR8","jetpack_likes_enabled":true,"jetpack-related-posts":[],"_links":{"self":[{"href":"https:\/\/we-search.be\/index.php\/wp-json\/wp\/v2\/posts\/1060394","targetHints":{"allow":["GET"]}}],"collection":[{"href":"https:\/\/we-search.be\/index.php\/wp-json\/wp\/v2\/posts"}],"about":[{"href":"https:\/\/we-search.be\/index.php\/wp-json\/wp\/v2\/types\/post"}],"author":[{"embeddable":true,"href":"https:\/\/we-search.be\/index.php\/wp-json\/wp\/v2\/users\/4"}],"replies":[{"embeddable":true,"href":"https:\/\/we-search.be\/index.php\/wp-json\/wp\/v2\/comments?post=1060394"}],"version-history":[{"count":2,"href":"https:\/\/we-search.be\/index.php\/wp-json\/wp\/v2\/posts\/1060394\/revisions"}],"predecessor-version":[{"id":1060447,"href":"https:\/\/we-search.be\/index.php\/wp-json\/wp\/v2\/posts\/1060394\/revisions\/1060447"}],"wp:featuredmedia":[{"embeddable":true,"href":"https:\/\/we-search.be\/index.php\/wp-json\/wp\/v2\/media\/1060417"}],"wp:attachment":[{"href":"https:\/\/we-search.be\/index.php\/wp-json\/wp\/v2\/media?parent=1060394"}],"wp:term":[{"taxonomy":"category","embeddable":true,"href":"https:\/\/we-search.be\/index.php\/wp-json\/wp\/v2\/categories?post=1060394"},{"taxonomy":"post_tag","embeddable":true,"href":"https:\/\/we-search.be\/index.php\/wp-json\/wp\/v2\/tags?post=1060394"}],"curies":[{"name":"wp","href":"https:\/\/api.w.org\/{rel}","templated":true}]}}