{"id":1128897,"date":"2022-03-28T15:37:13","date_gmt":"2022-03-28T13:37:13","guid":{"rendered":"https:\/\/we-search.be\/?p=1128897"},"modified":"2022-03-28T15:39:53","modified_gmt":"2022-03-28T13:39:53","slug":"quand-des-sponsors-prives-sinvitent-aux-tables-du-conseil-de-lunion-europeenne","status":"publish","type":"post","link":"https:\/\/we-search.be\/index.php\/2022\/03\/28\/quand-des-sponsors-prives-sinvitent-aux-tables-du-conseil-de-lunion-europeenne\/","title":{"rendered":"Quand des sponsors priv\u00e9s s\u2019invitent aux tables du Conseil de l\u2019Union Europ\u00e9enne\u2026"},"content":{"rendered":"\n<p><em>Par Oscar Duplat, \u00e9tudiant en BA1 sciences g\u00e9ographiques \u00e0 l\u2019UCLouvain<\/em><\/p>\n\n\n<figure class=\"wp-block-post-featured-image\"><img data-recalc-dims=\"1\" loading=\"lazy\" decoding=\"async\" width=\"730\" height=\"487\" src=\"https:\/\/i0.wp.com\/we-search.be\/wp-content\/uploads\/2022\/03\/banner-gaf1b61d22_1920.jpg?resize=730%2C487&#038;ssl=1\" class=\"attachment-post-thumbnail size-post-thumbnail wp-post-image\" alt=\"\" style=\"object-fit:cover;\" srcset=\"https:\/\/i0.wp.com\/we-search.be\/wp-content\/uploads\/2022\/03\/banner-gaf1b61d22_1920.jpg?w=1920&amp;ssl=1 1920w, https:\/\/i0.wp.com\/we-search.be\/wp-content\/uploads\/2022\/03\/banner-gaf1b61d22_1920.jpg?resize=300%2C200&amp;ssl=1 300w, https:\/\/i0.wp.com\/we-search.be\/wp-content\/uploads\/2022\/03\/banner-gaf1b61d22_1920.jpg?resize=1024%2C683&amp;ssl=1 1024w, https:\/\/i0.wp.com\/we-search.be\/wp-content\/uploads\/2022\/03\/banner-gaf1b61d22_1920.jpg?resize=768%2C512&amp;ssl=1 768w, https:\/\/i0.wp.com\/we-search.be\/wp-content\/uploads\/2022\/03\/banner-gaf1b61d22_1920.jpg?resize=1536%2C1024&amp;ssl=1 1536w, https:\/\/i0.wp.com\/we-search.be\/wp-content\/uploads\/2022\/03\/banner-gaf1b61d22_1920.jpg?resize=250%2C167&amp;ssl=1 250w, https:\/\/i0.wp.com\/we-search.be\/wp-content\/uploads\/2022\/03\/banner-gaf1b61d22_1920.jpg?resize=610%2C407&amp;ssl=1 610w, https:\/\/i0.wp.com\/we-search.be\/wp-content\/uploads\/2022\/03\/banner-gaf1b61d22_1920.jpg?resize=1320%2C880&amp;ssl=1 1320w, https:\/\/i0.wp.com\/we-search.be\/wp-content\/uploads\/2022\/03\/banner-gaf1b61d22_1920.jpg?resize=272%2C182&amp;ssl=1 272w, https:\/\/i0.wp.com\/we-search.be\/wp-content\/uploads\/2022\/03\/banner-gaf1b61d22_1920.jpg?w=1460&amp;ssl=1 1460w\" sizes=\"auto, (max-width: 730px) 100vw, 730px\" data-attachment-id=\"1128919\" data-permalink=\"https:\/\/we-search.be\/index.php\/2022\/03\/28\/quand-des-sponsors-prives-sinvitent-aux-tables-du-conseil-de-lunion-europeenne\/banner-gaf1b61d22_1920\/\" data-orig-file=\"https:\/\/i0.wp.com\/we-search.be\/wp-content\/uploads\/2022\/03\/banner-gaf1b61d22_1920.jpg?fit=1920%2C1280&amp;ssl=1\" data-orig-size=\"1920,1280\" data-comments-opened=\"1\" data-image-meta=\"{&quot;aperture&quot;:&quot;7.1&quot;,&quot;credit&quot;:&quot;&quot;,&quot;camera&quot;:&quot;Canon EOS 80D&quot;,&quot;caption&quot;:&quot;&quot;,&quot;created_timestamp&quot;:&quot;0&quot;,&quot;copyright&quot;:&quot;&quot;,&quot;focal_length&quot;:&quot;105&quot;,&quot;iso&quot;:&quot;100&quot;,&quot;shutter_speed&quot;:&quot;0.005&quot;,&quot;title&quot;:&quot;&quot;,&quot;orientation&quot;:&quot;0&quot;}\" data-image-title=\"banner-gaf1b61d22_1920\" data-image-description=\"\" data-image-caption=\"\" data-large-file=\"https:\/\/i0.wp.com\/we-search.be\/wp-content\/uploads\/2022\/03\/banner-gaf1b61d22_1920.jpg?fit=730%2C487&amp;ssl=1\" \/><\/figure>\n\n\n<hr class=\"wp-block-separator\" \/>\n\n\n\n<p><strong>Comment les multinationales ont-elles r\u00e9ussi \u00e0 s\u2019incruster jusque dans les plus hautes fonctions d\u00e9cisionnelles ?<\/strong><\/p>\n\n\n\n<p>Rappelez-vous de ce scandale, peu m\u00e9diatis\u00e9 et rest\u00e9 discret, qui avait frapp\u00e9 les institutions du Conseil de l\u2019Union europ\u00e9enne au d\u00e9but de l\u2019ann\u00e9e 2019. La Roumanie vient alors de prendre la pr\u00e9sidence du Conseil et annonce que son mandat sera sponsoris\u00e9 par\u2026 Coca-Cola. Une information \u00e0 premi\u00e8re vue surprenante mais beaucoup plus courante qu\u2019on ne le pense. &nbsp;&nbsp;<\/p>\n\n\n\n<p>Pour rappel, le Conseil de l\u2019Union Europ\u00e9enne est l\u2019une des quatre grandes institutions de l\u2019UE. \u00c0 la diff\u00e9rence du Conseil europ\u00e9en, qui lui rassemble les chefs d\u2019\u00c9tats des 27 Etats membres, le Conseil de l\u2019Union Europ\u00e9enne r\u00e9unit dans ses instances tous les ministres des \u00c9tats membres en fonction des sujets qui y seront abord\u00e9s. Toutes les directives europ\u00e9ennes en mati\u00e8re d\u2019agriculture, de sant\u00e9, d\u2019emploi ou de finance passent par le Conseil de l\u2019UE et ne sont approuv\u00e9es qu\u2019apr\u00e8s de longues discussions entre le Parlement, la Commission europ\u00e9enne et ce Conseil. Nous sommes donc au sommet des institutions europ\u00e9ennes&nbsp;!<\/p>\n\n\n\n<p>L\u2019une des particularit\u00e9s de ce Conseil est que sa pr\u00e9sidence passe de pays en pays selon un ordre de rotation \u00e9tabli et ce tous les six mois. La derni\u00e8re fois que la Belgique avait endoss\u00e9 ce r\u00f4le \u00e9tait lors du deuxi\u00e8me semestre 2010 et elle reprendra la pr\u00e9sidence au 1<sup>er<\/sup> janvier 2024. Le temps entre deux mandats est donc long. D\u2019o\u00f9 l\u2019importance accord\u00e9e aux sponsors qui permettent de mettre en lumi\u00e8re les entreprises du pays concern\u00e9 ou d\u2019ailleurs durant la pr\u00e9sidence. D\u2019autant plus que seul le pays qui pr\u00e9side le Conseil a le droit d\u2019\u00eatre soutenu financi\u00e8rement par ce sponsoring.<\/p>\n\n\n\n<p>La pratique se veut discr\u00e8te mais n\u2019est pas pour autant secr\u00e8te. Sauf que certains sponsors posent plus question que d\u2019autres. Comme celui de la Roumanie par exemple, qui avait choisi Coca-Cola lors de son mandat alors que l\u2019un des sujets principaux de la pr\u00e9sidence \u00e9tait la r\u00e9glementation sur l\u2019\u00e9tiquetage nutritionnel des aliments. Sujet sur lequel Coca-cola avait tout int\u00e9r\u00eat \u00e0 se faire entendre. Idem pour la Finlande, qui s\u2019\u00e9tait vu offrir une centaine de v\u00e9hicule haut de gamme de la marque BMW en 2015 en plein \u00ab&nbsp;Dieselgate&nbsp;\u00bb o\u00f9 pour rappel, le constructeur s\u2019\u00e9tait entendu avec Volkswagen sur des syst\u00e8mes de d\u00e9pollution des voitures lors des tests de mise en circulation.<\/p>\n\n\n\n<p>Mais ces sponsorings ont-ils vraiment leur place au sein d\u2019une des plus grandes institutions europ\u00e9ennes&nbsp;? De nombreuses ONG luttent d\u00e9j\u00e0 sur ce sujet depuis quelques ann\u00e9es, d\u00e9non\u00e7ant massivement le fait que des entreprises priv\u00e9es n\u2019ont pas \u00e0 offrir des services, des biens ou m\u00eame de l\u2019argent \u00e0 nos gouvernements lorsqu\u2019ils dirigent le Conseil de l\u2019UE. Car en dehors de la visibilit\u00e9 accrue que peut g\u00e9n\u00e9rer ce soutien, nous sommes en droit de nous interroger sur l\u2019influence que peuvent ensuite avoir ces entreprises aupr\u00e8s des gouvernements lors de potentielles prises de d\u00e9cisions.<\/p>\n\n\n\n<p>En effet, l\u2019une des entreprises choisies par la Slov\u00e9nie lors de son mandat pour le deuxi\u00e8me semestre 2021 a r\u00e9v\u00e9l\u00e9 sur son site internet avoir eu des droits d\u2019entr\u00e9e particuliers lors de certaines r\u00e9unions. On pouvait \u00e9galement y voir des photos des stands promotionnels que l\u2019entreprise slov\u00e8ne avait pu ouvertement installer dans les salles de r\u00e9union. La Slov\u00e9nie se justifiait par le fait que pour des petits pays comme elle, la pr\u00e9sidence du Conseil demande des moyens financiers et mat\u00e9riels \u00e9normes et qu\u2019il est donc int\u00e9ressant pour ces pays de conclure des partenariats avec diff\u00e9rentes entreprises afin de promouvoir le pays, sa culture et ses entreprises gr\u00e2ce \u00e0 la couverture m\u00e9diatique qui encadre la pr\u00e9sidence.<\/p>\n\n\n\n<p>Apr\u00e8s ces scandales, les \u00c9tats-membres ont d\u00e9cid\u00e9 de mettre en place un \u00ab&nbsp;guide des bonnes pratiques&nbsp;\u00bb pour encadrer ces sponsorings et \u00e9viter les d\u00e9bordements. Mais cela ne r\u00e9sout pas le probl\u00e8me car cela permet toujours aux gouvernements d\u2019obtenir des avantages divers de la part de soci\u00e9t\u00e9s priv\u00e9es qui ne devraient pas avoir voix au chapitre dans les discisions que prennent nos chefs d\u2019\u00c9tats. Car cette pratique terni l\u2019image d\u2019une Europe d\u00e9j\u00e0 trop souvent accus\u00e9e d\u2019\u00eatre ouverte de toute part aux lobbys et en proie \u00e0 des conflits d\u2019int\u00e9r\u00eats r\u00e9guliers entre les multinationales et les r\u00e9glementations \u00e9tablies dans ses institutions. La pression est donc de plus en plus forte sur les pays quant au choix ou non de la prise de sponsors pour leur mandat. La France, qui pr\u00e9side actuellement le conseil, a d\u2019ailleurs \u00e9t\u00e9 appel\u00e9e par de nombreuses ONG \u00e0 refuser d\u2019\u00e9ventuels contrats avec des soci\u00e9t\u00e9s. En vain puisqu\u2019en effet, le pays s\u2019est vu offrir 220 v\u00e9hicules hybrides ou \u00e9lectriques par les marques Renault et Stellantis, justifi\u00e9 par les nombreux transports des d\u00e9l\u00e9gations minist\u00e9rielles durant le mandat. Preuve que cette pratique est bien ancr\u00e9e dans les habitudes des dirigeants. L\u2019Allemagne est le seul pays qui en 2020 avait refus\u00e9 de prendre des sponsors, m\u00eame si \u00e0 cette \u00e9poque, toutes les r\u00e9unions avaient lieu en distanciel.<\/p>\n\n\n\n<p>Le Conseil de l\u2019UE devrait d\u00e9finitivement se d\u00e9barrasser de toutes ces connivences qui ne font que renforcer les rumeurs autour de possible conflits d\u2019int\u00e9r\u00eats entre les lobbys et les institutions europ\u00e9ennes. D\u2019autant plus que tous ces sponsors sont choisis par les pays sans aucun appel d\u2019offre. Bien que cette pratique soit compl\u00e8tement l\u00e9gale, si cela continue ainsi, la cr\u00e9dibilit\u00e9 et la sinc\u00e9rit\u00e9 des d\u00e9cisions prises dans les plus hauts sommets seront r\u00e9ellement remise en cause. Mais comme dans bien d\u2019autres d\u00e9bats, les mentalit\u00e9s \u00e9voluent et font bouger les lignes. Et le Parlement europ\u00e9en a d\u00e9j\u00e0 su faire preuve de d\u00e9termination \u00e0 plusieurs reprises dans des affaires qui mettaient en cause la rigueur et la neutralit\u00e9 qu\u2019on lui exige. Les prochaines d\u00e9l\u00e9gations \u00e0 prendre la t\u00eate du Conseil seront donc attendues au tournant sur ce d\u00e9bat pour redresser la barre face \u00e0 cette pratique fort douteuse qui n\u2019a nullement sa place dans la politique europ\u00e9enne.<\/p>\n\n\n\n<p><strong>Bibliographie&nbsp;:<\/strong><\/p>\n\n\n\n<p>&#8211; COLLOMBAT, Beno\u00eet, \u00ab&nbsp;Sponsors et m\u00e9c\u00e8nes : quand des grands groupes priv\u00e9s financent la pr\u00e9sidence du Conseil de l\u2019Union europ\u00e9enne&nbsp;\u00bb, <a href=\"https:\/\/www.franceculture.fr\/\">https:\/\/www.franceculture.fr\/<\/a> , 18\/12\/2021<\/p>\n\n\n\n<p>&#8211; LAMER, Elodie, \u00ab&nbsp;Pr\u00e9sidence de l\u2019Union europ\u00e9enne: un sponsoring priv\u00e9 qui continue de faire jaser&nbsp;\u00bb, <a href=\"https:\/\/www.lesoir.be\/\">https:\/\/www.lesoir.be\/<\/a> , 21\/07\/2019<\/p>\n\n\n\n<p>&#8211; MALINGRE, Virginie, \u00ab&nbsp;Le soutien financier des pr\u00e9sidences de l\u2019UE par des entreprises, un parrainage d\u00e9licat \u00e0 l\u2019heure du \u00ab green deal \u00bb, <a href=\"https:\/\/www.lemonde.fr\/\">https:\/\/www.lemonde.fr\/<\/a> , 17\/02\/2020<\/p>\n\n\n\n<p>&#8211; DECHAMPS, Thomas, \u00ab&nbsp;Le Scan&nbsp;: \u00e0 quoi servent les myst\u00e9rieux sponsors du Conseil de l\u2019Union Europ\u00e9enne&nbsp;?&nbsp;\u00bb, <a href=\"https:\/\/www.rtbf.be\/\">https:\/\/www.rtbf.be\/<\/a> , 27\/09\/2021<\/p>\n\n\n\n<p>&#8211; Pr\u00e9sidence Fran\u00e7aise du Conseil de l\u2019Union europ\u00e9enne, site officiel, <a href=\"https:\/\/presidence-francaise.consilium.europa.eu\/fr\/presidence\/la-presidence-du-conseil-de-l-union-europeenne\/\">https:\/\/presidence-francaise.consilium.europa.eu\/fr\/presidence\/la-presidence-du-conseil-de-l-union-europeenne\/<\/a> , le 10\/03\/2022<\/p>\n\n\n\n<p>&#8211; Pr\u00e9sidence Slov\u00e8ne du Conseil de l\u2019Union europ\u00e9enne 2021, site officiel, <a href=\"https:\/\/slovenian-presidency.consilium.europa.eu\/fr\/presidence\/partenaires-de-la-presidence-slovene\/\">https:\/\/slovenian-presidency.consilium.europa.eu\/fr\/presidence\/partenaires-de-la-presidence-slovene\/<\/a> , le 10\/03\/2022<\/p>\n\n\n\n<p><\/p>\n<span class=\"et_bloom_bottom_trigger\"><\/span>","protected":false},"excerpt":{"rendered":"<p>Par Oscar Duplat, \u00e9tudiant en BA1 sciences g\u00e9ographiques \u00e0 l\u2019UCLouvain Comment les multinationales ont-elles r\u00e9ussi \u00e0 s\u2019incruster jusque dans les plus hautes fonctions d\u00e9cisionnelles ? Rappelez-vous de ce scandale, peu<a class=\"moretag\" href=\"https:\/\/we-search.be\/index.php\/2022\/03\/28\/quand-des-sponsors-prives-sinvitent-aux-tables-du-conseil-de-lunion-europeenne\/\"><span class=\"screen-reader-text\">En savoir plus surQuand des sponsors priv\u00e9s s\u2019invitent aux tables du Conseil de l\u2019Union Europ\u00e9enne\u2026<\/span>[&#8230;]<\/a><\/p>\n","protected":false},"author":4,"featured_media":1128919,"comment_status":"open","ping_status":"open","sticky":false,"template":"","format":"standard","meta":{"jetpack_post_was_ever_published":false,"_jetpack_newsletter_access":"","_jetpack_dont_email_post_to_subs":false,"_jetpack_newsletter_tier_id":0,"_jetpack_memberships_contains_paywalled_content":false,"_jetpack_memberships_contains_paid_content":false,"footnotes":"","jetpack_publicize_message":"","jetpack_publicize_feature_enabled":true,"jetpack_social_post_already_shared":true,"jetpack_social_options":{"image_generator_settings":{"template":"highway","default_image_id":0,"font":"","enabled":false},"version":2}},"categories":[4],"tags":[123,122,59,121,120,21],"class_list":["post-1128897","post","type-post","status-publish","format-standard","has-post-thumbnail","hentry","category-we-discuss","tag-conflit-dinteret","tag-conseil-de-lue","tag-debat","tag-lobbying","tag-sponsor","tag-union-europeenne"],"jetpack_publicize_connections":[],"jetpack_featured_media_url":"https:\/\/i0.wp.com\/we-search.be\/wp-content\/uploads\/2022\/03\/banner-gaf1b61d22_1920.jpg?fit=1920%2C1280&ssl=1","jetpack_sharing_enabled":true,"jetpack_shortlink":"https:\/\/wp.me\/p9cJNf-4JG1","jetpack_likes_enabled":true,"jetpack-related-posts":[],"_links":{"self":[{"href":"https:\/\/we-search.be\/index.php\/wp-json\/wp\/v2\/posts\/1128897","targetHints":{"allow":["GET"]}}],"collection":[{"href":"https:\/\/we-search.be\/index.php\/wp-json\/wp\/v2\/posts"}],"about":[{"href":"https:\/\/we-search.be\/index.php\/wp-json\/wp\/v2\/types\/post"}],"author":[{"embeddable":true,"href":"https:\/\/we-search.be\/index.php\/wp-json\/wp\/v2\/users\/4"}],"replies":[{"embeddable":true,"href":"https:\/\/we-search.be\/index.php\/wp-json\/wp\/v2\/comments?post=1128897"}],"version-history":[{"count":4,"href":"https:\/\/we-search.be\/index.php\/wp-json\/wp\/v2\/posts\/1128897\/revisions"}],"predecessor-version":[{"id":1128979,"href":"https:\/\/we-search.be\/index.php\/wp-json\/wp\/v2\/posts\/1128897\/revisions\/1128979"}],"wp:featuredmedia":[{"embeddable":true,"href":"https:\/\/we-search.be\/index.php\/wp-json\/wp\/v2\/media\/1128919"}],"wp:attachment":[{"href":"https:\/\/we-search.be\/index.php\/wp-json\/wp\/v2\/media?parent=1128897"}],"wp:term":[{"taxonomy":"category","embeddable":true,"href":"https:\/\/we-search.be\/index.php\/wp-json\/wp\/v2\/categories?post=1128897"},{"taxonomy":"post_tag","embeddable":true,"href":"https:\/\/we-search.be\/index.php\/wp-json\/wp\/v2\/tags?post=1128897"}],"curies":[{"name":"wp","href":"https:\/\/api.w.org\/{rel}","templated":true}]}}