{"id":1457580,"date":"2023-03-30T10:57:39","date_gmt":"2023-03-30T08:57:39","guid":{"rendered":"https:\/\/we-search.be\/?p=1457580"},"modified":"2023-04-17T11:46:45","modified_gmt":"2023-04-17T09:46:45","slug":"coree-du-nord-quand-la-paix-est-une-utopie","status":"publish","type":"post","link":"https:\/\/we-search.be\/index.php\/2023\/03\/30\/coree-du-nord-quand-la-paix-est-une-utopie\/","title":{"rendered":"Cor\u00e9e du Nord\u00a0: \u00a0quand la paix est une utopie"},"content":{"rendered":"\n<p>Par Daphn\u00e9e Renard,<em> \u00e9tudiante en 1\u00e8re ann\u00e9e de licence de Sciences politiques \u00e0 ESPOL (Lille)<\/em><\/p>\n\n\n\n<hr class=\"wp-block-separator has-alpha-channel-opacity\" \/>\n\n\n<div class=\"wp-block-image\">\n<figure class=\"aligncenter size-large\"><img data-recalc-dims=\"1\" loading=\"lazy\" decoding=\"async\" width=\"730\" height=\"411\" data-attachment-id=\"1457666\" data-permalink=\"https:\/\/we-search.be\/index.php\/2023\/03\/30\/coree-du-nord-quand-la-paix-est-une-utopie\/north-korea-g96c22f92d_1920\/\" data-orig-file=\"https:\/\/i0.wp.com\/we-search.be\/wp-content\/uploads\/2023\/03\/north-korea-g96c22f92d_1920.jpg?fit=1920%2C1080&amp;ssl=1\" data-orig-size=\"1920,1080\" data-comments-opened=\"1\" data-image-meta=\"{&quot;aperture&quot;:&quot;0&quot;,&quot;credit&quot;:&quot;&quot;,&quot;camera&quot;:&quot;&quot;,&quot;caption&quot;:&quot;&quot;,&quot;created_timestamp&quot;:&quot;0&quot;,&quot;copyright&quot;:&quot;&quot;,&quot;focal_length&quot;:&quot;0&quot;,&quot;iso&quot;:&quot;0&quot;,&quot;shutter_speed&quot;:&quot;0&quot;,&quot;title&quot;:&quot;&quot;,&quot;orientation&quot;:&quot;0&quot;}\" data-image-title=\"north-korea-g96c22f92d_1920\" data-image-description=\"\" data-image-caption=\"\" data-large-file=\"https:\/\/i0.wp.com\/we-search.be\/wp-content\/uploads\/2023\/03\/north-korea-g96c22f92d_1920.jpg?fit=730%2C411&amp;ssl=1\" src=\"https:\/\/i0.wp.com\/we-search.be\/wp-content\/uploads\/2023\/03\/north-korea-g96c22f92d_1920.jpg?resize=730%2C411&#038;ssl=1\" alt=\"\" class=\"wp-image-1457666\" srcset=\"https:\/\/i0.wp.com\/we-search.be\/wp-content\/uploads\/2023\/03\/north-korea-g96c22f92d_1920.jpg?resize=1024%2C576&amp;ssl=1 1024w, https:\/\/i0.wp.com\/we-search.be\/wp-content\/uploads\/2023\/03\/north-korea-g96c22f92d_1920.jpg?resize=300%2C169&amp;ssl=1 300w, https:\/\/i0.wp.com\/we-search.be\/wp-content\/uploads\/2023\/03\/north-korea-g96c22f92d_1920.jpg?resize=768%2C432&amp;ssl=1 768w, https:\/\/i0.wp.com\/we-search.be\/wp-content\/uploads\/2023\/03\/north-korea-g96c22f92d_1920.jpg?resize=1536%2C864&amp;ssl=1 1536w, https:\/\/i0.wp.com\/we-search.be\/wp-content\/uploads\/2023\/03\/north-korea-g96c22f92d_1920.jpg?resize=250%2C141&amp;ssl=1 250w, https:\/\/i0.wp.com\/we-search.be\/wp-content\/uploads\/2023\/03\/north-korea-g96c22f92d_1920.jpg?resize=610%2C343&amp;ssl=1 610w, https:\/\/i0.wp.com\/we-search.be\/wp-content\/uploads\/2023\/03\/north-korea-g96c22f92d_1920.jpg?resize=1320%2C743&amp;ssl=1 1320w, https:\/\/i0.wp.com\/we-search.be\/wp-content\/uploads\/2023\/03\/north-korea-g96c22f92d_1920.jpg?w=1920&amp;ssl=1 1920w, https:\/\/i0.wp.com\/we-search.be\/wp-content\/uploads\/2023\/03\/north-korea-g96c22f92d_1920.jpg?w=1460&amp;ssl=1 1460w\" sizes=\"auto, (max-width: 730px) 100vw, 730px\" \/><\/figure>\n<\/div>\n\n\n<div style=\"height:20px\" aria-hidden=\"true\" class=\"wp-block-spacer\"><\/div>\n\n\n\n<p>A l\u2019occasion de son <strong>75<sup>e<\/sup><\/strong> anniversaire, l\u2019arm\u00e9e nord-cor\u00e9enne a r\u00e9cemment c\u00e9l\u00e9br\u00e9 sa naissance au travers d\u2019une <strong>parade militaire<\/strong> \u00e0 Pyongyang. L\u2019occasion de montrer au reste du monde un nombre record de missiles balistiques intercontinentaux, pouvant transporter des ogives nucl\u00e9aires.<\/p>\n\n\n\n<h2 class=\"wp-block-heading\">La Cor\u00e9e du Nord, puissance nucl\u00e9aire<\/h2>\n\n\n\n<p>Si la Cor\u00e9e du Nord n\u2019est jamais attaqu\u00e9e car redout\u00e9e de par sa possession de <strong>l\u2019arme atomique<\/strong>, cela ne semble pas convenir \u00e0 son dirigeant <strong>Kim Jong-Un<\/strong>, qui souhaite tout de m\u00eame se proclamer comme une puissance nucl\u00e9aire compl\u00e8te.<\/p>\n\n\n\n<p>Entre tests d\u2019armements toujours plus nombreux, collaboration avec la Chine, relations diplomatiques presque inexistantes&nbsp;: la paix ne semble \u00eatre qu\u2019une fantaisie, voir une <strong>mauvaise blague<\/strong>, aux yeux du dictateur nord-cor\u00e9en.<\/p>\n\n\n\n<p>La r\u00e9cente coop\u00e9ration entre <strong>S<\/strong><strong>\u00e9<\/strong><strong>oul et Washington<\/strong> sur des exercices a\u00e9riens n\u2019a fait qu\u2019attiser la col\u00e8re de ce dernier, franchissant \u00ab&nbsp;<strong>une ligne rouge extr<\/strong><strong>\u00ea<\/strong><strong>me<\/strong>&nbsp;\u00bb, qui ne semble depuis toujours tenir qu\u2019\u00e0 <strong>un fil<\/strong>.<\/p>\n\n\n\n<p>Faut-il alors s\u2019attendre \u00e0 l\u2019explosion de la bombe \u00e0 retardement qu\u2019est la <strong>dynastie communiste<\/strong> nord-cor\u00e9enne&nbsp;?&nbsp;<\/p>\n\n\n\n<h2 class=\"wp-block-heading\">La Cor\u00e9e du Nord, un \u00c9tat seul contre tous<\/h2>\n\n\n\n<p><strong>Dictature<\/strong> depuis sa cr\u00e9ation en 1953 suite \u00e0 la guerre de Cor\u00e9e, la Cor\u00e9e du Nord reste encore aujourd\u2019hui <strong>le pays le plus ferm\u00e9 au monde.<\/strong> Dans un climat o\u00f9 r\u00e8gne une <strong>parano\u00efa aigue<\/strong>, le renforcement de l\u2019arm\u00e9e nord-cor\u00e9enne semble \u00eatre la <strong>ligne de vie<\/strong> de son dirigeant, tandis que la <strong>mis\u00e8re<\/strong> absolue dont suffoquent les habitants lui reste pour le moins insignifiante.<\/p>\n\n\n\n<p>Si <strong>20%<\/strong> de la population nord-cor\u00e9enne ne trouve pas \u00e0 manger suite aux <strong>famines<\/strong> qui persistent dans l\u2019ensemble du pays, <strong>25% du budget de l<\/strong><strong>\u2019<\/strong><strong>\u00c9<\/strong><strong>tat est consacr<\/strong><strong>\u00e9<\/strong><strong> <\/strong><strong>\u00e0<\/strong><strong> l<\/strong><strong>\u2019<\/strong><strong>arm<\/strong><strong>\u00e9<\/strong><strong>e,<\/strong> regroupant plus <strong>d<\/strong><strong>\u2019<\/strong><strong>1 million de soldats sur<\/strong><strong>\u00e9<\/strong><strong>quip<\/strong><strong>\u00e9<\/strong><strong>s<\/strong> et r\u00e9put\u00e9s pour leur grande susceptibilit\u00e9.<\/p>\n\n\n\n<p>Fort est de constater que la politique ext\u00e9rieure nord-cor\u00e9enne est principalement centr\u00e9e sur <strong>la force<\/strong> et <strong>le pouvoir militaire<\/strong>.<\/p>\n\n\n\n<h2 class=\"wp-block-heading\">Un \u00c9tat en guerre perp\u00e9tuelle<\/h2>\n\n\n\n<p>Le <strong>06 f<\/strong><strong>\u00e9<\/strong><strong>vrier 2023<\/strong>, Kim Jong-Un a appel\u00e9 son pays \u00e0 accro\u00eetre de mani\u00e8re \u00ab&nbsp;<strong>exponentielle<\/strong>&nbsp;\u00bb son <strong>arsenal militaire<\/strong>, dans le but d\u2019une \u00ab&nbsp;<strong>potentielle pr<\/strong><strong>\u00e9<\/strong><strong>paration <\/strong><strong>\u00e0<\/strong><strong> la guerre<\/strong>&nbsp;\u00bb, suite \u00e0 l\u2019attitude de Washington et S\u00e9oul, qui pourrait \u00ab&nbsp;<strong>d<\/strong><strong>\u00e9<\/strong><strong>clencher une confrontation totale<\/strong>&nbsp;\u00bb. Mais il para\u00eet \u00e9vident que si guerre il devait y avoir, cette derni\u00e8re serait <strong>unilat<\/strong><strong>\u00e9<\/strong><strong>rale<\/strong>. Il est de facto propre \u00e0 la Cor\u00e9e du Nord elle seule de percevoir les autres r\u00e9gimes du globe comme une constante menace potentielle, d\u2019o\u00f9 sa <strong>production en masse<\/strong> d\u2019armes nucl\u00e9aires tactiques et de nouveaux missiles balistiques.<\/p>\n\n\n\n<p>Pyongyang cherche \u00e0 se faire craindre, et le montre avec brio&nbsp;: 2022 lui accorde un <strong>nouveau nombre record de tests d<\/strong><strong>\u2019<\/strong><strong>armements.<\/strong><\/p>\n\n\n\n<p>Il va de soi de s\u2019interroger&nbsp;: <strong>pourquoi privil\u00e9gier cette crainte d\u2019\u00eatre dans le futur menac\u00e9, plut\u00f4t que prioriser l\u2019assurance d\u2019un pr\u00e9sent calme et certain&nbsp;?<\/strong><\/p>\n\n\n\n<h2 class=\"wp-block-heading\">Le rejet de la diplomatie<\/h2>\n\n\n\n<p>Si le <strong>soft power<\/strong> et la <strong>diplomatie<\/strong> sont des outils n\u00e9cessaires au pouvoir et au maintien de la paix pour la plupart des pays du monde, ils semblent ne pas exister ou n\u2019\u00eatre que futilit\u00e9s pour le dirigeant nord-cor\u00e9en. Avec environ <strong>5 000 touristes par an<\/strong>, <strong>un contr\u00f4le total des m\u00e9dias, peu ou pas d\u2019exportation de produits \u00e9trangers<\/strong>, la Cor\u00e9e du Nord semble vivre sur une autre plan\u00e8te, <strong>isol\u00e9e et contre tous.<\/strong><\/p>\n\n\n\n<p>Pour mieux comprendre cette id\u00e9ologie, bien qu\u2019elle paraisse surprenante aux yeux des occidentaux, il faut remonter l\u2019histoire.<\/p>\n\n\n\n<p>Depuis 1998, le d\u00e9veloppement de la force militaire est au c\u0153ur du fonctionnement du pays, et cela se voit notamment \u00e0 travers les diff\u00e9rentes politiques du r\u00e9gime : la politique de <strong>Songun<\/strong> (\u00ab&nbsp;l\u2019arm\u00e9e d\u2019abord&nbsp;\u00bb) \u00e9tablie par <strong>Kim Jong-Il<\/strong>, suivit de la politique <strong>Byongjin<\/strong> (\u00ab&nbsp;co-d\u00e9veloppement&nbsp;\u00bb) \u00e9tablie par son fils cadet <strong>Kim Jong-Un<\/strong>. Toutes deux se basent sur l\u2019ind\u00e9pendance avec <strong>l<\/strong><strong>\u2019<\/strong><strong>autonomie militaire, l<\/strong><strong>\u2019<\/strong><strong>autosuffisance <\/strong><strong>\u00e9<\/strong><strong>conomique et enfin l<\/strong><strong>\u2019<\/strong><strong>ind<\/strong><strong>\u00e9<\/strong><strong>pendance politique<\/strong>.<\/p>\n\n\n\n<p>Il semblerait donc que cette volont\u00e9 de <strong>prosp\u00e9rit\u00e9 nucl\u00e9aire<\/strong> touche les diff\u00e9rentes g\u00e9n\u00e9rations de la famille dirigeante, n&rsquo;en d\u00e9plaise les autres puissances du globe, qui se sentent constamment <strong>menac\u00e9es<\/strong>.<\/p>\n\n\n\n<p>Rappelons-nous \u00e9galement que dans les faits, les deux Cor\u00e9es sont <strong>toujours en guerre<\/strong>, puisqu&rsquo;aucun trait\u00e9 de paix n\u2019a \u00e9t\u00e9 sign\u00e9, seulement un <strong>armistice en 1953<\/strong>.<\/p>\n\n\n\n<p>Malgr\u00e9 les nombreuses <strong>sanctions <\/strong>re\u00e7ues, notamment par les <strong>\u00c9tats-Unis<\/strong>, la Cor\u00e9e du Nord continue de lancer des missiles pr\u00e8s du Japon, de la Cor\u00e9e du Sud. <strong>D\u00e9monstration de pouvoir&nbsp;? Provocation&nbsp;? Simples essais techniques&nbsp;?<\/strong><\/p>\n\n\n\n<h2 class=\"wp-block-heading\">La peur de l&rsquo;\u00e9chec comme moteur<\/h2>\n\n\n\n<p>Si Kim Jong-Un semble se montrer intouchable, cette facette redoutable ne cacherait-elle pas <strong>la peur de l\u2019\u00e9chec de son r\u00e9gime<\/strong>&nbsp;?<\/p>\n\n\n\n<p>Si la Chine d\u00e9montre qu\u2019un r\u00e9gime communiste peut faire d\u2019un pays l\u2019une des plus grandes puissances du monde, l\u2019ouverture aux autres \u00e9tats reste pour le moins primordiale au soft power.<\/p>\n\n\n\n<p>Pourtant, en l\u2019absence de toute diplomatie et coop\u00e9ration, le r\u00e9gime nord-cor\u00e9en, malgr\u00e9 sa puissance militaire, semble rester insensible \u00e0 cet aspect politique.<\/p>\n\n\n\n<p>Justement, le dirigeant nord-cor\u00e9en ne concentrerait-il pas sur la puissance militaire, ayant conscience que son r\u00e9gime est menac\u00e9 sous les autres angles (famine, \u00e9conomie faible\u2026)&nbsp;?<\/p>\n\n\n\n<p>Ne se montre-t-il pas impr\u00e9visible, pas peur d\u2019\u00eatre vu comme faible&nbsp;? Ou par crainte de d\u00e9shonorer la dynastie dont il est membre&nbsp;?<\/p>\n\n\n\n<h2 class=\"wp-block-heading\">La Chine: un partenaire privil\u00e9gi\u00e9<\/h2>\n\n\n\n<p>En novembre 2022, <strong>Xi Jinping<\/strong>, actuel pr\u00e9sident de la Chine, avait fait part de ses intentions de \u00ab&nbsp;<strong>contribuer positivement \u00e0 acc\u00e9l\u00e9rer la paix, la stabilit\u00e9, le d\u00e9veloppement et la prosp\u00e9rit\u00e9 de la r\u00e9gion et du reste du monde<\/strong>. (\u2026) Le monde, l\u2019\u00e9poque et l\u2019histoire sont en train de changer d\u2019une fa\u00e7on <strong>sans pr\u00e9c\u00e9dent<\/strong>.&nbsp;\u00bb<\/p>\n\n\n<div class=\"wp-block-image\">\n<figure class=\"aligncenter size-full is-resized\"><a href=\"https:\/\/apnews.com\/article\/health-china-coronavirus-pandemic-north-korea-8fc7a269318c481035c43b030754cbf0\" target=\"_blank\" rel=\"noreferrer noopener\"><img data-recalc-dims=\"1\" loading=\"lazy\" decoding=\"async\" data-attachment-id=\"1457693\" data-permalink=\"https:\/\/we-search.be\/index.php\/2023\/03\/30\/coree-du-nord-quand-la-paix-est-une-utopie\/attachment\/800\/\" data-orig-file=\"https:\/\/i0.wp.com\/we-search.be\/wp-content\/uploads\/2023\/03\/800.jpeg?fit=800%2C533&amp;ssl=1\" data-orig-size=\"800,533\" data-comments-opened=\"1\" data-image-meta=\"{&quot;aperture&quot;:&quot;0&quot;,&quot;credit&quot;:&quot;&quot;,&quot;camera&quot;:&quot;&quot;,&quot;caption&quot;:&quot;&quot;,&quot;created_timestamp&quot;:&quot;0&quot;,&quot;copyright&quot;:&quot;&quot;,&quot;focal_length&quot;:&quot;0&quot;,&quot;iso&quot;:&quot;0&quot;,&quot;shutter_speed&quot;:&quot;0&quot;,&quot;title&quot;:&quot;&quot;,&quot;orientation&quot;:&quot;0&quot;}\" data-image-title=\"800\" data-image-description=\"\" data-image-caption=\"\" data-large-file=\"https:\/\/i0.wp.com\/we-search.be\/wp-content\/uploads\/2023\/03\/800.jpeg?fit=730%2C486&amp;ssl=1\" src=\"https:\/\/i0.wp.com\/we-search.be\/wp-content\/uploads\/2023\/03\/800.jpeg?resize=730%2C486&#038;ssl=1\" alt=\"\" class=\"wp-image-1457693\" width=\"730\" height=\"486\" srcset=\"https:\/\/i0.wp.com\/we-search.be\/wp-content\/uploads\/2023\/03\/800.jpeg?w=800&amp;ssl=1 800w, https:\/\/i0.wp.com\/we-search.be\/wp-content\/uploads\/2023\/03\/800.jpeg?resize=300%2C200&amp;ssl=1 300w, https:\/\/i0.wp.com\/we-search.be\/wp-content\/uploads\/2023\/03\/800.jpeg?resize=768%2C512&amp;ssl=1 768w, https:\/\/i0.wp.com\/we-search.be\/wp-content\/uploads\/2023\/03\/800.jpeg?resize=250%2C167&amp;ssl=1 250w, https:\/\/i0.wp.com\/we-search.be\/wp-content\/uploads\/2023\/03\/800.jpeg?resize=610%2C406&amp;ssl=1 610w, https:\/\/i0.wp.com\/we-search.be\/wp-content\/uploads\/2023\/03\/800.jpeg?resize=272%2C182&amp;ssl=1 272w\" sizes=\"auto, (max-width: 730px) 100vw, 730px\" \/><\/a><figcaption class=\"wp-element-caption\"><em>Kim Jong Un et Xi Jinping &#8211; 20 juin 2019, photo distribu\u00e9e par le gouvernement Nord-Cor\u00e9en &#8211; <a href=\"https:\/\/apnews.com\/article\/health-china-coronavirus-pandemic-north-korea-8fc7a269318c481035c43b030754cbf0\" target=\"_blank\" rel=\"noreferrer noopener\">Source<\/a><\/em><\/figcaption><\/figure>\n<\/div>\n\n\n<p>La Chine \u00e9tant la principale alli\u00e9e de la Cor\u00e9e du Nord, <strong>comment interpr<\/strong><strong>\u00e9<\/strong><strong>ter des mots qui paraissent \u00e0 premi\u00e8re vue inoffensifs, lorsqu<\/strong><strong>\u2019<\/strong><strong>ils sont <\/strong><strong>\u00e9<\/strong><strong>crits par des hommes qui ne croient pas en la d<\/strong><strong>\u00e9<\/strong><strong>mocratie<\/strong><strong>&nbsp;<\/strong><strong>?<\/strong><\/p>\n\n\n\n<p>Rappelons que pour Xi Jinping et Kim Jong-Un, <strong>la d\u00e9mocratie est un r\u00e9gime politique vou\u00e9 \u00e0 l\u2019\u00e9chec.<\/strong><\/p>\n\n\n\n<p>Ainsi, ces discours pacifiques de premier abord \u00e9chang\u00e9s entre les deux dirigeants ne cacheraient-ils pas une strat\u00e9gie politique&nbsp;ou d\u2019influence ?<\/p>\n\n\n\n<p>Seul l\u2019avenir nous le dira, un avenir qui respire plus que jamais dans un air oxyg\u00e9n\u00e9 par <strong>l\u2019autorit\u00e9, le pouvoir, et la peur. &nbsp;<\/strong>Les lancements de missiles balistiques semblent \u00eatre devenus une habitude.<\/p>\n\n\n\n<p><strong>Le vendredi 10 mars 2023, <\/strong>le dirigeant nord-cor\u00e9en, accompagn\u00e9 de sa fille, a supervis\u00e9 un exercice de tirs de missiles. Ce dernier se montre impassible&nbsp;quant \u00e0 sa vision de la guerre&nbsp;: ses soldats se pr\u00e9parent pour deux missions&nbsp;: <strong>dissuader la guerre, ou prendre l\u2019initiative de la d\u00e9clencher.<\/strong><\/p>\n\n\n\n<p>L\u2019arriv\u00e9e d\u2019une \u00ab&nbsp;<strong>guerre r\u00e9elle<\/strong>&nbsp;\u00bb orne donc l\u2019esprit de Kim Jong Un.<\/p>\n\n\n\n<h2 class=\"wp-block-heading\"><strong>Et qu&rsquo;en est-il de la paix&nbsp;?<\/strong><\/h2>\n\n\n\n<p>Aux vues de sa pr\u00e9paration \u00e0 l\u2019offensive, la paix ne se montre pas comme suffisamment fiable dans l\u2019esprit de dirigeant.<\/p>\n\n\n\n<p>Si les relations entre les deux Cor\u00e9es sont inexistantes depuis plusieurs ann\u00e9es, l\u2019alliance de S\u00e9oul et Washington semble n\u00e9anmoins \u00eatre une menace majeure pour la Cor\u00e9e du nord. Cette derni\u00e8re montre une tendance \u00e0 l\u2019agressivit\u00e9 croissante depuis le d\u00e9but de l\u2019ann\u00e9e, \u00e0 d\u00e9faut de chercher durant ces derni\u00e8res ann\u00e9es un potentiel accord ou une entente diplomatique avec sa jumelle du sud ou les \u00c9tats-Unis.<\/p>\n\n\n\n<h2 class=\"wp-block-heading\">A quoi s&rsquo;attendre pour le futur?<\/h2>\n\n\n\n<p>On pourrait esp\u00e9rer une \u00e9volution du r\u00e9gime si <strong>Ju Ae<\/strong>, la fille de Kim Jong Un, prend un jour le pouvoir. R\u00e9cemment surm\u00e9diatis\u00e9e et proche des activit\u00e9s militaires de son p\u00e8re, la fillette de 10 ans semble \u00eatre destin\u00e9e \u00e0 prendre en main le futur du pays.<\/p>\n\n\n\n<p>Pourrait-elle <strong>incarner un nouvel espoir<\/strong> vers <strong>un r\u00e9gime moins autoritaire&nbsp;?<\/strong><\/p>\n\n\n\n<p>Bien qu\u2019expos\u00e9e depuis seulement quelques mois aux yeux du monde entier, certains signes nous poussent d\u00e9j\u00e0 \u00e0 croire que la dictature ne s\u2019arr\u00eatera pas apr\u00e8s elle.<\/p>\n\n\n\n<p>Son pr\u00e9nom, tout comme ceux des anciens dirigeants est d\u00e9j\u00e0 devenu interdit dans le pays. Elle appara\u00eet sur les timbres, et se voit accompagner de pr\u00e8s son p\u00e8re dans toutes les op\u00e9rations militaires. Ce dernier la met particuli\u00e8rement en avant et appara\u00eet parfois comme un bras droit. L\u2019enfant semble d\u00e9j\u00e0 <strong>pr\u00e9par\u00e9e de mani\u00e8re pr\u00e9coce \u00e0 diriger<\/strong>, sous les pas de son p\u00e8re. Marchera-telle dans ses empreintes&nbsp;?<\/p>\n\n\n\n<p>Ou prendra-t-elle son propre chemin&nbsp;?<\/p>\n\n\n\n<p>Sera-t-elle encore plus \u00e0 craindre que Kim Jong-Un&nbsp;?<\/p>\n\n\n\n<hr class=\"wp-block-separator has-alpha-channel-opacity\" \/>\n\n\n\n<h2 class=\"wp-block-heading\">BIBLIOGRAPHIE<\/h2>\n\n\n\n<p><em><strong>Rapports<\/strong><\/em><\/p>\n\n\n\n<p>Hellendorff, Bruno, Kellner, Thierry, \u00ab&nbsp;Crise Nord-Cor\u00e9enne. Diplomatie, menace nucl\u00e9aire et d\u00e9fense antimissile&nbsp;\u00bb, 2016\/9, <em>GRIP<\/em>, disponible en ligne: <a href=\"https:\/\/www.nonproliferation.eu\/wp-content\/uploads\/2019\/11\/Rapport_2016-9.pdf\" target=\"_blank\" rel=\"noreferrer noopener\">https:\/\/www.nonproliferation.eu\/wp-content\/uploads\/2019\/11\/Rapport_2016-9.pdf<\/a><\/p>\n\n\n\n<p><em><strong>Presse<\/strong><\/em><\/p>\n\n\n\n<p>\u00ab&nbsp;Cor\u00e9e du Nord&nbsp;: l\u2019arm\u00e9e va intensifier ses exercices militaires en vue de \u00ab&nbsp;perfectionner la pr\u00e9paration \u00e0 la guerre&nbsp;\u00bb\u00bb, 07\/02\/2023, <em>Le Monde<\/em>, consult\u00e9 le 08\/02\/2023: <a href=\"https:\/\/www.lemonde.fr\/international\/article\/2023\/02\/07\/coree-du-nord-l-armee-va-intensifier-ses-exercices-militaires-en-vue-de-perfectionner-la-preparation-a-la-guerre_6160803_3210.html\">https:\/\/www.lemonde.fr\/international\/article\/2023\/02\/07\/coree-du-nord-l-armee-va-intensifier-ses-exercices-militaires-en-vue-de-perfectionner-la-preparation-a-la-guerre_6160803_3210.html<\/a><\/p>\n\n\n\n<p>\u00ab&nbsp;La Cor\u00e9e du Sud et les \u00c9tats-Unis effectuent des man\u0153uvres militaires a\u00e9riennes conjointes en mer Jaune\u00bb, 02\/02\/2023, <em>Le Monde<\/em>, consult\u00e9 le 08\/02\/2023: <a href=\"https:\/\/www.lemonde.fr\/international\/article\/2023\/02\/02\/la-coree-du-sud-et-les-etats-unis-effectuent-des-man-uvres-militaires-aeriennes-conjointes-en-mer-jaune_6160191_3210.html\">https:\/\/www.lemonde.fr\/international\/article\/2023\/02\/02\/la-coree-du-sud-et-les-etats-unis-effectuent-des-man-uvres-militaires-aeriennes-conjointes-en-mer-jaune_6160191_3210.html<\/a><\/p>\n\n\n\n<p>Mesmer Philippe, \u00ab&nbsp;Entre Cor\u00e9e du Nord et Cor\u00e9e du Sud, un d\u00e9but d\u2019ann\u00e9e sous haute tension \u00bb, 03\/01\/2023, <em>Le Monde<\/em>, consult\u00e9 le 08\/02\/2023: <a href=\"https:\/\/www.lemonde.fr\/international\/article\/2023\/01\/03\/entre-coree-du-nord-et-coree-du-sud-un-debut-d-annee-sous-haute-tension_6156426_3210.html\">https:\/\/www.lemonde.fr\/international\/article\/2023\/01\/03\/entre-coree-du-nord-et-coree-du-sud-un-debut-d-annee-sous-haute-tension_6156426_3210.html<\/a><\/p>\n\n\n\n<p>\u00ab&nbsp;Chine \u2013 Cor\u00e9e du Nord&nbsp;: Xi Jinping propose \u00e0 Kim Jong Un de coop\u00e9rer pour la paix dans le monde \u00bb, 26\/11\/2023, <em>TV5MONDE<\/em>, consult\u00e9 le 09\/02\/2023: <a href=\"https:\/\/information.tv5monde.com\/info\/chine-coree-du-nord-xi-jinping-propose-kim-jong-un-de-cooperer-pour-la-paix-dans-le-monde\">https:\/\/information.tv5monde.com\/info\/chine-coree-du-nord-xi-jinping-propose-kim-jong-un-de-cooperer-pour-la-paix-dans-le-monde<\/a><\/p>\n\n\n\n<p>\u00ab&nbsp;Kim Jong Un supervise une grande parade militaire en Cor\u00e9e du Nord \u00bb, 09\/02\/2023, <em>FRANCE24<\/em>, consult\u00e9 le 09\/02\/2023: <a href=\"https:\/\/www.france24.com\/fr\/asie-pacifique\/20230209-kim-jong-un-supervise-une-grande-parade-militaire-en-cor\u00e9e-du-nord\">https:\/\/www.france24.com\/fr\/asie-pacifique\/20230209-kim-jong-un-supervise-une-grande-parade-militaire-en-cor\u00e9e-du-nord<\/a><\/p>\n\n\n\n<p>\u00ab&nbsp;Cor\u00e9e du nord&nbsp;: Kim Jong Un annonce de nouveaux objectifs militaires pour 2023 \u00bb, 28\/12\/2023, <em>FRANCE24<\/em>, consult\u00e9 le 10\/02\/2023: <a href=\"https:\/\/www.france24.com\/fr\/asie-pacifique\/20221228-cor\u00e9e-du-nord-kim-jong-un-annonce-de-nouveaux-objectifs-militaires-pour-2023\">https:\/\/www.france24.com\/fr\/asie-pacifique\/20221228-cor\u00e9e-du-nord-kim-jong-un-annonce-de-nouveaux-objectifs-militaires-pour-2023<\/a><\/p>\n\n\n\n<p>\u00ab&nbsp;Cor\u00e9e du Nord&nbsp;: Kim ordonne des man\u0153uvres militaires en vue d\u2019une \u00ab&nbsp;guerre r\u00e9elle&nbsp;\u00bb \u00bb, 10\/03\/2023,  <em>Les \u00c9chos<\/em>, consult\u00e9 le 12\/03\/2023: <a href=\"https:\/\/www.lesechos.fr\/monde\/asie-pacifique\/coree-du-nord-kim-ordonne-des-manoeuvres-militaires-en-vue-dune-guerre-reelle-191393\">https:\/\/www.lesechos.fr\/monde\/asie-pacifique\/coree-du-nord-kim-ordonne-des-manoeuvres-militaires-en-vue-dune-guerre-reelle-191393<\/a><\/p>\n<span class=\"et_bloom_bottom_trigger\"><\/span>","protected":false},"excerpt":{"rendered":"<p>Par Daphn\u00e9e Renard, \u00e9tudiante en 1\u00e8re ann\u00e9e de licence de Sciences politiques \u00e0 ESPOL (Lille) A l\u2019occasion de son 75e anniversaire, l\u2019arm\u00e9e nord-cor\u00e9enne a r\u00e9cemment c\u00e9l\u00e9br\u00e9 sa naissance au travers<a class=\"moretag\" href=\"https:\/\/we-search.be\/index.php\/2023\/03\/30\/coree-du-nord-quand-la-paix-est-une-utopie\/\"><span class=\"screen-reader-text\">En savoir plus surCor\u00e9e du Nord\u00a0: \u00a0quand la paix est une utopie<\/span>[&#8230;]<\/a><\/p>\n","protected":false},"author":4,"featured_media":1457666,"comment_status":"open","ping_status":"open","sticky":false,"template":"","format":"standard","meta":{"jetpack_post_was_ever_published":false,"_jetpack_newsletter_access":"","_jetpack_dont_email_post_to_subs":false,"_jetpack_newsletter_tier_id":0,"_jetpack_memberships_contains_paywalled_content":false,"_jetpack_memberships_contains_paid_content":false,"footnotes":"","jetpack_publicize_message":"","jetpack_publicize_feature_enabled":true,"jetpack_social_post_already_shared":true,"jetpack_social_options":{"image_generator_settings":{"template":"highway","default_image_id":0,"font":"","enabled":false},"version":2}},"categories":[4],"tags":[146,147,141,142,148,145,143],"class_list":["post-1457580","post","type-post","status-publish","format-standard","has-post-thumbnail","hentry","category-we-discuss","tag-arme-atomique","tag-chine","tag-coree","tag-coree-du-nord","tag-kim-jong-un","tag-nucleaire","tag-paix"],"jetpack_publicize_connections":[],"jetpack_featured_media_url":"https:\/\/i0.wp.com\/we-search.be\/wp-content\/uploads\/2023\/03\/north-korea-g96c22f92d_1920.jpg?fit=1920%2C1080&ssl=1","jetpack_sharing_enabled":true,"jetpack_shortlink":"https:\/\/wp.me\/p9cJNf-67bm","jetpack_likes_enabled":true,"jetpack-related-posts":[],"_links":{"self":[{"href":"https:\/\/we-search.be\/index.php\/wp-json\/wp\/v2\/posts\/1457580","targetHints":{"allow":["GET"]}}],"collection":[{"href":"https:\/\/we-search.be\/index.php\/wp-json\/wp\/v2\/posts"}],"about":[{"href":"https:\/\/we-search.be\/index.php\/wp-json\/wp\/v2\/types\/post"}],"author":[{"embeddable":true,"href":"https:\/\/we-search.be\/index.php\/wp-json\/wp\/v2\/users\/4"}],"replies":[{"embeddable":true,"href":"https:\/\/we-search.be\/index.php\/wp-json\/wp\/v2\/comments?post=1457580"}],"version-history":[{"count":5,"href":"https:\/\/we-search.be\/index.php\/wp-json\/wp\/v2\/posts\/1457580\/revisions"}],"predecessor-version":[{"id":1477853,"href":"https:\/\/we-search.be\/index.php\/wp-json\/wp\/v2\/posts\/1457580\/revisions\/1477853"}],"wp:featuredmedia":[{"embeddable":true,"href":"https:\/\/we-search.be\/index.php\/wp-json\/wp\/v2\/media\/1457666"}],"wp:attachment":[{"href":"https:\/\/we-search.be\/index.php\/wp-json\/wp\/v2\/media?parent=1457580"}],"wp:term":[{"taxonomy":"category","embeddable":true,"href":"https:\/\/we-search.be\/index.php\/wp-json\/wp\/v2\/categories?post=1457580"},{"taxonomy":"post_tag","embeddable":true,"href":"https:\/\/we-search.be\/index.php\/wp-json\/wp\/v2\/tags?post=1457580"}],"curies":[{"name":"wp","href":"https:\/\/api.w.org\/{rel}","templated":true}]}}